{"id":554,"date":"2016-04-01T16:11:18","date_gmt":"2016-04-01T21:11:18","guid":{"rendered":"http:\/\/www.gstrategy-ec.com\/?p=554"},"modified":"2016-04-01T23:41:34","modified_gmt":"2016-04-02T04:41:34","slug":"proyecto-de-ley-organica-para-el-equilibrio-de-las-finanzas-publicas","status":"publish","type":"post","link":"https:\/\/www.gstrategy-ec.com\/?p=554","title":{"rendered":"Proyecto de Ley Org\u00e1nica para el Equilibrio de las Finanzas P\u00fablicas"},"content":{"rendered":"<p><a href=\"https:\/\/www.gstrategy-ec.com\/wp-content\/uploads\/2016\/04\/image.jpeg\" rel=\"attachment wp-att-559\"><img loading=\"lazy\" decoding=\"async\" class=\"aligncenter size-full wp-image-559\" src=\"https:\/\/www.gstrategy-ec.com\/wp-content\/uploads\/2016\/04\/image.jpeg\" alt=\"image\" width=\"1833\" height=\"1370\" srcset=\"https:\/\/www.gstrategy-ec.com\/wp-content\/uploads\/2016\/04\/image.jpeg 1833w, https:\/\/www.gstrategy-ec.com\/wp-content\/uploads\/2016\/04\/image-300x224.jpeg 300w, https:\/\/www.gstrategy-ec.com\/wp-content\/uploads\/2016\/04\/image-768x574.jpeg 768w, https:\/\/www.gstrategy-ec.com\/wp-content\/uploads\/2016\/04\/image-1024x765.jpeg 1024w\" sizes=\"auto, (max-width: 1833px) 100vw, 1833px\" \/><\/a>En raz\u00f3n de la importancia que tiene para el sector empresarial y p\u00fablico en general, damos a conocer que mediante Oficio No. T.7311-SGJ-16-199 del 30 de marzo del 2016, el Presidente Constitucional de la Rep\u00fablica del Ecuador, remiti\u00f3 a la Asamblea Nacional, con la calidad de urgente en materia econ\u00f3mica, el proyecto de LEY ORG\u00c1NICA PARA EL EQUILIBRIO DE LAS FINANZAS P\u00daBLICAS.<\/p>\n<p>Para descargar el Proyecto de Ley solo deben dar clic <a href=\"https:\/\/gstrategy.files.wordpress.com\/2016\/04\/proyecto-ley-organica-para-el-equilibrio-de-las-finanzas-publicas-30mar2016.pdf\">AQU\u00cd<\/a>.<\/p>\n","protected":false},"excerpt":{"rendered":"<p>En raz\u00f3n de la importancia que tiene para el sector empresarial y p\u00fablico en general, damos a conocer que mediante Oficio No. T.7311-SGJ-16-199 del 30 de marzo del 2016, el Presidente Constitucional de la Rep\u00fablica del Ecuador, remiti\u00f3 a la Asamblea Nacional, con la calidad de urgente en materia econ\u00f3mica, el proyecto de LEY ORG\u00c1NICA [&hellip;]<\/p>\n","protected":false},"author":381,"featured_media":0,"comment_status":"closed","ping_status":"closed","sticky":false,"template":"","format":"standard","meta":{"footnotes":""},"categories":[5,7],"tags":[],"class_list":["post-554","post","type-post","status-publish","format-standard","hentry","category-interes-general","category-tributacion"],"_links":{"self":[{"href":"https:\/\/www.gstrategy-ec.com\/index.php?rest_route=\/wp\/v2\/posts\/554","targetHints":{"allow":["GET"]}}],"collection":[{"href":"https:\/\/www.gstrategy-ec.com\/index.php?rest_route=\/wp\/v2\/posts"}],"about":[{"href":"https:\/\/www.gstrategy-ec.com\/index.php?rest_route=\/wp\/v2\/types\/post"}],"author":[{"embeddable":true,"href":"https:\/\/www.gstrategy-ec.com\/index.php?rest_route=\/wp\/v2\/users\/381"}],"replies":[{"embeddable":true,"href":"https:\/\/www.gstrategy-ec.com\/index.php?rest_route=%2Fwp%2Fv2%2Fcomments&post=554"}],"version-history":[{"count":3,"href":"https:\/\/www.gstrategy-ec.com\/index.php?rest_route=\/wp\/v2\/posts\/554\/revisions"}],"predecessor-version":[{"id":561,"href":"https:\/\/www.gstrategy-ec.com\/index.php?rest_route=\/wp\/v2\/posts\/554\/revisions\/561"}],"wp:attachment":[{"href":"https:\/\/www.gstrategy-ec.com\/index.php?rest_route=%2Fwp%2Fv2%2Fmedia&parent=554"}],"wp:term":[{"taxonomy":"category","embeddable":true,"href":"https:\/\/www.gstrategy-ec.com\/index.php?rest_route=%2Fwp%2Fv2%2Fcategories&post=554"},{"taxonomy":"post_tag","embeddable":true,"href":"https:\/\/www.gstrategy-ec.com\/index.php?rest_route=%2Fwp%2Fv2%2Ftags&post=554"}],"curies":[{"name":"wp","href":"https:\/\/api.w.org\/{rel}","templated":true}]}}